{"id":8,"name":"Bernard Dupr\u00e9","url":"","description":"Agriculteur passionn\u00e9 de 36 ans, je cultive la terre avec soin et d\u00e9vouement pour offrir des produits de qualit\u00e9. La nature est mon univers et le travail en plein air mon quotidien.","link":"https:\/\/lepotagerdeloire.fr\/blog\/author\/bernard-dupre","slug":"bernard-dupre","avatar_urls":{"24":"https:\/\/lepotagerdeloire.fr\/blog\/wp-content\/uploads\/2026\/02\/user-avatar-2-24x24.jpg","48":"https:\/\/lepotagerdeloire.fr\/blog\/wp-content\/uploads\/2026\/02\/user-avatar-2-48x48.jpg","96":"https:\/\/lepotagerdeloire.fr\/blog\/wp-content\/uploads\/2026\/02\/user-avatar-2-96x96.jpg"},"meta":[],"simple_local_avatar":{"media_id":5837,"full":"https:\/\/lepotagerdeloire.fr\/blog\/wp-content\/uploads\/2026\/02\/user-avatar-2.jpg","blog_id":1,"96":"https:\/\/lepotagerdeloire.fr\/blog\/wp-content\/uploads\/2026\/02\/user-avatar-2-96x96.jpg","192":"https:\/\/lepotagerdeloire.fr\/blog\/wp-content\/uploads\/2026\/02\/user-avatar-2-192x192.jpg","64":"https:\/\/lepotagerdeloire.fr\/blog\/wp-content\/uploads\/2026\/02\/user-avatar-2-64x64.jpg","32":"https:\/\/lepotagerdeloire.fr\/blog\/wp-content\/uploads\/2026\/02\/user-avatar-2-32x32.jpg","128":"https:\/\/lepotagerdeloire.fr\/blog\/wp-content\/uploads\/2026\/02\/user-avatar-2-128x128.jpg","52":"https:\/\/lepotagerdeloire.fr\/blog\/wp-content\/uploads\/2026\/02\/user-avatar-2-52x52.jpg","26":"https:\/\/lepotagerdeloire.fr\/blog\/wp-content\/uploads\/2026\/02\/user-avatar-2-26x26.jpg","24":"https:\/\/lepotagerdeloire.fr\/blog\/wp-content\/uploads\/2026\/02\/user-avatar-2-24x24.jpg","48":"https:\/\/lepotagerdeloire.fr\/blog\/wp-content\/uploads\/2026\/02\/user-avatar-2-48x48.jpg","200":"https:\/\/lepotagerdeloire.fr\/blog\/wp-content\/uploads\/2026\/02\/user-avatar-2-200x200.jpg","100":"https:\/\/lepotagerdeloire.fr\/blog\/wp-content\/uploads\/2026\/02\/user-avatar-2-100x100.jpg","240":"https:\/\/lepotagerdeloire.fr\/blog\/wp-content\/uploads\/2026\/02\/user-avatar-2-240x240.jpg","120":"https:\/\/lepotagerdeloire.fr\/blog\/wp-content\/uploads\/2026\/02\/user-avatar-2-120x120.jpg"},"elementor_introduction":{"e-editor-one-notice-pointer":true},"_links":{"self":[{"href":"https:\/\/lepotagerdeloire.fr\/blog\/wp-json\/wp\/v2\/users\/8","targetHints":{"allow":["GET"]}}],"collection":[{"href":"https:\/\/lepotagerdeloire.fr\/blog\/wp-json\/wp\/v2\/users"}]}}