{"id":5939,"date":"2026-03-27T17:37:05","date_gmt":"2026-03-27T16:37:05","guid":{"rendered":"https:\/\/lepotagerdeloire.fr\/blog\/albizia-inconvenients"},"modified":"2026-03-09T17:17:33","modified_gmt":"2026-03-09T16:17:33","slug":"albizia-inconvenients","status":"publish","type":"post","link":"https:\/\/lepotagerdeloire.fr\/blog\/albizia-inconvenients","title":{"rendered":"Albizia : quels sont les inconv\u00e9nients pour votre jardin ?"},"content":{"rendered":"\n<figure class=\"wp-block-image aligncenter size-full\"><img fetchpriority=\"high\" decoding=\"async\" width=\"844\" height=\"460\" src=\"https:\/\/lepotagerdeloire.fr\/blog\/wp-content\/uploads\/2026\/03\/albizia.jpg\" alt=\"\" class=\"wp-image-5944\" srcset=\"https:\/\/lepotagerdeloire.fr\/blog\/wp-content\/uploads\/2026\/03\/albizia.jpg 844w, https:\/\/lepotagerdeloire.fr\/blog\/wp-content\/uploads\/2026\/03\/albizia-768x419.jpg 768w\" sizes=\"(max-width: 844px) 100vw, 844px\" \/><\/figure>\n\n\n<p style='padding: 24px; background: lightblue;'>L&rsquo;essentiel \u00e0 retenir : l&rsquo;albizia impose des <strong>contraintes structurelles et sanitaires majeures<\/strong> dues \u00e0 son syst\u00e8me racinaire tra\u00e7ant et \u00e0 la toxicit\u00e9 de ses gousses. Anticiper ces risques permet d&rsquo;<strong>\u00e9viter la d\u00e9gradation des canalisations<\/strong> et de prot\u00e9ger les jeunes enfants. Un point de vigilance crucial : respectez imp\u00e9rativement une distance de s\u00e9curit\u00e9 de 5 \u00e0 6 m\u00e8tres de toute construction.<\/p>\n<p>Votre jardin de r\u00eave se transforme-t-il en cauchemar \u00e0 cause d&rsquo;un albizia inconv\u00e9nient pour vos fondations et votre s\u00e9curit\u00e9 ? Nous observons que cet arbre \u00e0 soie, malgr\u00e9 sa floraison spectaculaire, cache un syst\u00e8me racinaire tra\u00e7ant redoutable capable de soulever vos terrasses et de s&rsquo;infiltrer dans vos canalisations. Cet article d\u00e9taille les <strong>risques de toxicit\u00e9 pour vos proches et la fragilit\u00e9 structurelle<\/strong> de son bois afin de vous aider \u00e0 prot\u00e9ger durablement votre espace ext\u00e9rieur.<\/p>\n<ol>\n<li><a href=\"#pourquoi-les-racines-de-l-albizia-menacent-vos-structures\">Pourquoi les racines de l&rsquo;albizia menacent vos structures<\/a><\/li>\n<li><a href=\"#toxicite-des-graines-et-impact-sur-la-sante\">Toxicit\u00e9 des graines et impact sur la sant\u00e9<\/a><\/li>\n<li><a href=\"#fragilite-du-bois-et-contraintes-de-taille\">Fragilit\u00e9 du bois et contraintes de taille<\/a><\/li>\n<li><a href=\"#alternatives-paysageres-et-varietes-a-privilegier\">Alternatives paysag\u00e8res et vari\u00e9t\u00e9s \u00e0 privil\u00e9gier<\/a><\/li>\n<\/ol>\n<div id=\"ez-toc-container\" class=\"ez-toc-v2_0_82_2 counter-hierarchy ez-toc-counter ez-toc-custom ez-toc-container-direction\">\n<div class=\"ez-toc-title-container\">\n<div class=\"ez-toc-title ez-toc-toggle\" style=\"cursor:pointer\">Sommaire : <\/div>\n<span class=\"ez-toc-title-toggle\"><a href=\"#\" class=\"ez-toc-pull-right ez-toc-btn ez-toc-btn-xs ez-toc-btn-default ez-toc-toggle\" aria-label=\"Toggle Table of Content\"><span class=\"ez-toc-js-icon-con\"><span class=\"\"><span class=\"eztoc-hide\" style=\"display:none;\">Toggle<\/span><span class=\"ez-toc-icon-toggle-span\"><svg style=\"fill: #545454;color:#545454\" xmlns=\"http:\/\/www.w3.org\/2000\/svg\" class=\"list-377408\" width=\"20px\" height=\"20px\" viewBox=\"0 0 24 24\" fill=\"none\"><path d=\"M6 6H4v2h2V6zm14 0H8v2h12V6zM4 11h2v2H4v-2zm16 0H8v2h12v-2zM4 16h2v2H4v-2zm16 0H8v2h12v-2z\" fill=\"currentColor\"><\/path><\/svg><svg style=\"fill: #545454;color:#545454\" class=\"arrow-unsorted-368013\" xmlns=\"http:\/\/www.w3.org\/2000\/svg\" width=\"10px\" height=\"10px\" viewBox=\"0 0 24 24\" version=\"1.2\" baseProfile=\"tiny\"><path d=\"M18.2 9.3l-6.2-6.3-6.2 6.3c-.2.2-.3.4-.3.7s.1.5.3.7c.2.2.4.3.7.3h11c.3 0 .5-.1.7-.3.2-.2.3-.5.3-.7s-.1-.5-.3-.7zM5.8 14.7l6.2 6.3 6.2-6.3c.2-.2.3-.5.3-.7s-.1-.5-.3-.7c-.2-.2-.4-.3-.7-.3h-11c-.3 0-.5.1-.7.3-.2.2-.3.5-.3.7s.1.5.3.7z\"\/><\/svg><\/span><\/span><\/span><\/a><\/span><\/div>\n<nav><ul class='ez-toc-list ez-toc-list-level-1 ' ><li class='ez-toc-page-1 ez-toc-heading-level-2'><a class=\"ez-toc-link ez-toc-heading-1\" href=\"https:\/\/lepotagerdeloire.fr\/blog\/albizia-inconvenients\/#Pourquoi-les-racines-de-lalbizia-menacent-vos-structures\" >Pourquoi les racines de l&rsquo;albizia menacent vos structures<\/a><ul class='ez-toc-list-level-3' ><li class='ez-toc-heading-level-3'><a class=\"ez-toc-link ez-toc-heading-2\" href=\"https:\/\/lepotagerdeloire.fr\/blog\/albizia-inconvenients\/#Degats-sur-les-canalisations-et-les-terrasses\" >D\u00e9g\u00e2ts sur les canalisations et les terrasses<\/a><\/li><li class='ez-toc-page-1 ez-toc-heading-level-3'><a class=\"ez-toc-link ez-toc-heading-3\" href=\"https:\/\/lepotagerdeloire.fr\/blog\/albizia-inconvenients\/#Invasion-des-rejets-dans-la-pelouse\" >Invasion des rejets dans la pelouse<\/a><\/li><li class='ez-toc-page-1 ez-toc-heading-level-3'><a class=\"ez-toc-link ez-toc-heading-4\" href=\"https:\/\/lepotagerdeloire.fr\/blog\/albizia-inconvenients\/#Distances-de-securite-et-pose-dune-barriere-anti-racines\" >Distances de s\u00e9curit\u00e9 et pose d&rsquo;une barri\u00e8re anti-racines<\/a><\/li><\/ul><\/li><li class='ez-toc-page-1 ez-toc-heading-level-2'><a class=\"ez-toc-link ez-toc-heading-5\" href=\"https:\/\/lepotagerdeloire.fr\/blog\/albizia-inconvenients\/#Toxicite-des-graines-et-impact-sur-la-sante\" >Toxicit\u00e9 des graines et impact sur la sant\u00e9<\/a><ul class='ez-toc-list-level-3' ><li class='ez-toc-heading-level-3'><a class=\"ez-toc-link ez-toc-heading-6\" href=\"https:\/\/lepotagerdeloire.fr\/blog\/albizia-inconvenients\/#Danger-dingestion-pour-les-animaux-et-enfants\" >Danger d&rsquo;ingestion pour les animaux et enfants<\/a><\/li><li class='ez-toc-page-1 ez-toc-heading-level-3'><a class=\"ez-toc-link ez-toc-heading-7\" href=\"https:\/\/lepotagerdeloire.fr\/blog\/albizia-inconvenients\/#Pollen-allergene-et-salissures-des-fleurs\" >Pollen allerg\u00e8ne et salissures des fleurs<\/a><\/li><\/ul><\/li><li class='ez-toc-page-1 ez-toc-heading-level-2'><a class=\"ez-toc-link ez-toc-heading-8\" href=\"https:\/\/lepotagerdeloire.fr\/blog\/albizia-inconvenients\/#Fragilite-du-bois-et-contraintes-de-taille\" >Fragilit\u00e9 du bois et contraintes de taille<\/a><ul class='ez-toc-list-level-3' ><li class='ez-toc-heading-level-3'><a class=\"ez-toc-link ez-toc-heading-9\" href=\"https:\/\/lepotagerdeloire.fr\/blog\/albizia-inconvenients\/#Sensibilite-aux-intemperies-et-risques-de-cassure\" >Sensibilit\u00e9 aux intemp\u00e9ries et risques de cassure<\/a><\/li><li class='ez-toc-page-1 ez-toc-heading-level-3'><a class=\"ez-toc-link ez-toc-heading-10\" href=\"https:\/\/lepotagerdeloire.fr\/blog\/albizia-inconvenients\/#Guide-de-taille-pour-renforcer-la-structure\" >Guide de taille pour renforcer la structure<\/a><\/li><\/ul><\/li><li class='ez-toc-page-1 ez-toc-heading-level-2'><a class=\"ez-toc-link ez-toc-heading-11\" href=\"https:\/\/lepotagerdeloire.fr\/blog\/albizia-inconvenients\/#Alternatives-paysageres-et-varietes-a-privilegier\" >Alternatives paysag\u00e8res et vari\u00e9t\u00e9s \u00e0 privil\u00e9gier<\/a><ul class='ez-toc-list-level-3' ><li class='ez-toc-heading-level-3'><a class=\"ez-toc-link ez-toc-heading-12\" href=\"https:\/\/lepotagerdeloire.fr\/blog\/albizia-inconvenients\/#Cultivars-moins-vigoureux-pour-petits-espaces\" >Cultivars moins vigoureux pour petits espaces<\/a><\/li><li class='ez-toc-page-1 ez-toc-heading-level-3'><a class=\"ez-toc-link ez-toc-heading-13\" href=\"https:\/\/lepotagerdeloire.fr\/blog\/albizia-inconvenients\/#Arbres-de-Judee-et-Lagerstroemia-comme-solutions\" >Arbres de Jud\u00e9e et Lagerstroemia comme solutions<\/a><\/li><\/ul><\/li><li class='ez-toc-page-1 ez-toc-heading-level-2'><a class=\"ez-toc-link ez-toc-heading-14\" href=\"https:\/\/lepotagerdeloire.fr\/blog\/albizia-inconvenients\/#FAQ\" >FAQ<\/a><ul class='ez-toc-list-level-3' ><li class='ez-toc-heading-level-3'><a class=\"ez-toc-link ez-toc-heading-15\" href=\"https:\/\/lepotagerdeloire.fr\/blog\/albizia-inconvenients\/#Quels-sont-les-risques-reels-des-racines-de-lalbizia-pour-mes-amenagements\" >Quels sont les risques r\u00e9els des racines de l&rsquo;albizia pour mes am\u00e9nagements ?<\/a><\/li><li class='ez-toc-page-1 ez-toc-heading-level-3'><a class=\"ez-toc-link ez-toc-heading-16\" href=\"https:\/\/lepotagerdeloire.fr\/blog\/albizia-inconvenients\/#Les-graines-et-les-gousses-de-larbre-a-soie-presentent-elles-une-toxicite\" >Les graines et les gousses de l&rsquo;arbre \u00e0 soie pr\u00e9sentent-elles une toxicit\u00e9 ?<\/a><\/li><li class='ez-toc-page-1 ez-toc-heading-level-3'><a class=\"ez-toc-link ez-toc-heading-17\" href=\"https:\/\/lepotagerdeloire.fr\/blog\/albizia-inconvenients\/#Le-pollen-de-lalbizia-peut-il-provoquer-des-reactions-allergiques\" >Le pollen de l&rsquo;albizia peut-il provoquer des r\u00e9actions allergiques ?<\/a><\/li><li class='ez-toc-page-1 ez-toc-heading-level-3'><a class=\"ez-toc-link ez-toc-heading-18\" href=\"https:\/\/lepotagerdeloire.fr\/blog\/albizia-inconvenients\/#Pourquoi-les-branches-de-mon-albizia-ont-elles-tendance-a-casser\" >Pourquoi les branches de mon albizia ont-elles tendance \u00e0 casser ?<\/a><\/li><li class='ez-toc-page-1 ez-toc-heading-level-3'><a class=\"ez-toc-link ez-toc-heading-19\" href=\"https:\/\/lepotagerdeloire.fr\/blog\/albizia-inconvenients\/#Quelles-sont-les-meilleures-alternatives-si-lalbizia-ne-convient-pas-a-mon-jardin\" >Quelles sont les meilleures alternatives si l&rsquo;albizia ne convient pas \u00e0 mon jardin ?<\/a><\/li><\/ul><\/li><\/ul><\/nav><\/div>\n<h2 id=\"pourquoi-les-racines-de-l-albizia-menacent-vos-structures\"><span class=\"ez-toc-section\" id=\"Pourquoi-les-racines-de-lalbizia-menacent-vos-structures\"><\/span>Pourquoi les racines de l&rsquo;albizia menacent vos structures<span class=\"ez-toc-section-end\"><\/span><\/h2>\n<p>Apr\u00e8s avoir admir\u00e9 son feuillage, il faut pourtant regarder ce qui se passe sous terre, car c&rsquo;est l\u00e0 que <strong>les vrais probl\u00e8mes commencent<\/strong>.<\/p>\n<h3><span class=\"ez-toc-section\" id=\"Degats-sur-les-canalisations-et-les-terrasses\"><\/span>D\u00e9g\u00e2ts sur les canalisations et les terrasses<span class=\"ez-toc-section-end\"><\/span><\/h3>\n<p>Cet arbre poss\u00e8de un syst\u00e8me racinaire tra\u00e7ant qui s&rsquo;\u00e9tend horizontalement sur plusieurs m\u00e8tres. Ces racines cherchent activement l&rsquo;humidit\u00e9 et s&rsquo;immiscent dans la moindre faille. Nous observons qu&rsquo;elles <strong>colonisent ainsi tout l&rsquo;espace disponible<\/strong>.<\/p>\n<p>La pression exerc\u00e9e finit par <strong>soulever les dalles de terrasse<\/strong>. Elles peuvent aussi fissurer le b\u00e9ton ou briser des tuyaux enterr\u00e9s.<\/p>\n<p>Les rev\u00eatements de sol souffrent \u00e9norm\u00e9ment de cette croissance. <strong>Les pav\u00e9s se d\u00e9chaussent in\u00e9vitablement<\/strong> sous cette force souterraine invisible.<\/p>\n<h3><span class=\"ez-toc-section\" id=\"Invasion-des-rejets-dans-la-pelouse\"><\/span>Invasion des rejets dans la pelouse<span class=\"ez-toc-section-end\"><\/span><\/h3>\n<p>Nous constatons souvent un ph\u00e9nom\u00e8ne de drageonnage intense loin du tronc. L&rsquo;arbre produit des pousses spontan\u00e9es qui surgissent partout dans le jardin. C&rsquo;est une <strong>lutte constante pour maintenir un espace propre<\/strong>.<\/p>\n<p>L&rsquo;impact esth\u00e9tique sur le gazon est imm\u00e9diat et d\u00e9solant. Ces rejets transforment une pelouse soign\u00e9e en un v\u00e9ritable <strong>champ de mines v\u00e9g\u00e9tal<\/strong>.<\/p>\n<p>L&rsquo;\u00e9radication de ces pousses s&rsquo;av\u00e8re complexe. Couper ne suffit pas, car il faut <strong>extraire la racine m\u00e8re pour stopper la repousse<\/strong>.<\/p>\n<h3><span class=\"ez-toc-section\" id=\"Distances-de-securite-et-pose-dune-barriere-anti-racines\"><\/span>Distances de s\u00e9curit\u00e9 et pose d&rsquo;une barri\u00e8re anti-racines<span class=\"ez-toc-section-end\"><\/span><\/h3>\n<p>Il est imp\u00e9ratif de respecter des distances de s\u00e9curit\u00e9 suffisantes lors de la plantation. Nous conseillons de placer l&rsquo;arbre \u00e0 5 ou 6 m\u00e8tres des murs. Cela <strong>prot\u00e8ge durablement vos fondations<\/strong>.<\/p>\n<p>L&rsquo;installation d&rsquo;une barri\u00e8re anti-racines verticale reste une solution physique efficace. Elle <strong>bloque l&rsquo;invasion souterraine<\/strong> vers vos zones sensibles et vos r\u00e9seaux.<\/p>\n<p>Contrairement aux racines du <a href=\"https:\/\/lepotagerdeloire.fr\/blog\/cypres-les-inconvenients\">cypr\u00e8s inconv\u00e9nients<\/a> qui s&rsquo;enfoncent parfois plus verticalement, celles de l&rsquo;albizia *restent dangereusement proches de la surface*.<\/p>\n<h2 id=\"toxicite-des-graines-et-impact-sur-la-sante\"><span class=\"ez-toc-section\" id=\"Toxicite-des-graines-et-impact-sur-la-sante\"><\/span>Toxicit\u00e9 des graines et impact sur la sant\u00e9<span class=\"ez-toc-section-end\"><\/span><\/h2>\n<p>Outre les fondations, la <strong>s\u00e9curit\u00e9 imm\u00e9diate des occupants du jardin<\/strong> m\u00e9rite une attention particuli\u00e8re, surtout concernant les parties ing\u00e9rables de l&rsquo;arbre.<\/p>\n<h3><span class=\"ez-toc-section\" id=\"Danger-dingestion-pour-les-animaux-et-enfants\"><\/span>Danger d&rsquo;ingestion pour les animaux et enfants<span class=\"ez-toc-section-end\"><\/span><\/h3>\n<p>Les gousses renferment des substances toxiques, notamment des alcalo\u00efdes, qui menacent le syst\u00e8me nerveux. Les enfants les confondent souvent avec des haricots plats. Nous observons alors des <strong>risques d&#8217;empoisonnement graves<\/strong> par simple curiosit\u00e9 enfantine.<\/p>\n<p>Les chiens et chats pr\u00e9sentent des tremblements ou des vomissements apr\u00e8s ingestion. Ces signes indiquent une <strong>urgence v\u00e9t\u00e9rinaire r\u00e9elle<\/strong>. Nous devons rester vigilants face \u00e0 ces sympt\u00f4mes neurologiques brutaux chez nos compagnons.<\/p>\n<p>Ne provoquez jamais de vomissements sans un avis m\u00e9dical pr\u00e9alable. <strong>Contactez imm\u00e9diatement un centre antipoison<\/strong>. La rapidit\u00e9 de votre r\u00e9action est d\u00e9terminante pour limiter les effets des toxines.<\/p>\n<h3><span class=\"ez-toc-section\" id=\"Pollen-allergene-et-salissures-des-fleurs\"><\/span>Pollen allerg\u00e8ne et salissures des fleurs<span class=\"ez-toc-section-end\"><\/span><\/h3>\n<p>Le pollen allerg\u00e8ne de cet arbre, particuli\u00e8rement plumeux, circule tr\u00e8s facilement dans l&rsquo;air ambiant. Il <strong>d\u00e9clenche des rhinites tenaces<\/strong> chez les sujets sensibles. Nous constatons souvent des \u00e9ternuements r\u00e9p\u00e9t\u00e9s durant la floraison.<\/p>\n<p>Les fleurs soyeuses chutent massivement et deviennent collantes au contact de l&rsquo;humidit\u00e9. Elles <strong>tachent irr\u00e9m\u00e9diablement les dalles claires<\/strong> des terrasses. Ce tapis floral glissant finit par \u00e9touffer les petites plantes situ\u00e9es juste en dessous.<\/p>\n<p>Voici les <strong>contraintes majeures<\/strong> li\u00e9es \u00e0 ces r\u00e9sidus :<\/p>\n<ul>\n<li><strong>Entretien du mobilier souill\u00e9<\/strong> par le miellat et les fleurs.<\/li>\n<li><strong>Risques respiratoires accrus<\/strong> en \u00e9t\u00e9 pour les allergiques.<\/li>\n<li><strong>Fr\u00e9quence de nettoyage des terrasses devenue quotidienne<\/strong>.<\/li>\n<\/ul>\n<h2 id=\"fragilite-du-bois-et-contraintes-de-taille\"><span class=\"ez-toc-section\" id=\"Fragilite-du-bois-et-contraintes-de-taille\"><\/span>Fragilit\u00e9 du bois et contraintes de taille<span class=\"ez-toc-section-end\"><\/span><\/h2>\n<p>Si l&rsquo;albizia semble robuste, son bois cache une <strong>faiblesse structurelle qui peut surprendre lors des temp\u00eates<\/strong>.<\/p>\n<h3><span class=\"ez-toc-section\" id=\"Sensibilite-aux-intemperies-et-risques-de-cassure\"><\/span>Sensibilit\u00e9 aux intemp\u00e9ries et risques de cassure<span class=\"ez-toc-section-end\"><\/span><\/h3>\n<p>Nous observons que la r\u00e9sistance m\u00e9canique de cet arbre est limit\u00e9e. Le bois de l&rsquo;albizia est tendre et cassant. En cons\u00e9quence, les branches charpenti\u00e8res c\u00e8dent souvent sous des vents violents. Cette <strong>fragilit\u00e9 du bois est un risque r\u00e9el<\/strong>.<\/p>\n<p>L&rsquo;hiver accentue ce ph\u00e9nom\u00e8ne de rupture. Le poids de la neige lourde brise la ramure en parasol. Le gel intense peut aussi fendre l&rsquo;\u00e9corce jeune. Ces agressions climatiques <strong>fragilisent durablement la structure de l&rsquo;arbre<\/strong>.<\/p>\n<p>On peut comparer cette prise au vent avec celle de l&rsquo; <a href=\"https:\/\/lepotagerdeloire.fr\/blog\/eucalyptus-gunnii-risques\">eucalyptus gunnii inconv\u00e9nients<\/a>. Les deux esp\u00e8ces <strong>partagent cette vuln\u00e9rabilit\u00e9 face aux temp\u00eates<\/strong>.<\/p>\n<h3><span class=\"ez-toc-section\" id=\"Guide-de-taille-pour-renforcer-la-structure\"><\/span>Guide de taille pour renforcer la structure<span class=\"ez-toc-section-end\"><\/span><\/h3>\n<p>Nous pr\u00e9conisons une taille de formation rigoureuse. Il faut \u00e9quilibrer la couronne d\u00e8s les premi\u00e8res ann\u00e9es. Cela \u00e9vite les fourches fragiles qui cassent net. La taille de formation <strong>guide ainsi le d\u00e9veloppement futur<\/strong>.<\/p>\n<p>R\u00e9duire la prise au vent est un imp\u00e9ratif. Un \u00e9lagage l\u00e9ger permet \u00e0 l&rsquo;air de circuler \u00e0 travers la ramure. Cette action simple <strong>prot\u00e8ge l&rsquo;arbre des bourrasques estivales<\/strong>. La structure devient alors moins sensible aux pressions.<\/p>\n<p>La p\u00e9riode id\u00e9ale pour intervenir est pr\u00e9cise. Intervenez en fin d&rsquo;hiver avant la mont\u00e9e de s\u00e8ve. \u00c9vitez de tailler s\u00e9v\u00e8rement pour ne pas affaiblir les d\u00e9fenses naturelles. <strong>Un entretien raisonn\u00e9 garantit une meilleure long\u00e9vit\u00e9<\/strong>.<\/p>\n<h2 id=\"alternatives-paysageres-et-varietes-a-privilegier\"><span class=\"ez-toc-section\" id=\"Alternatives-paysageres-et-varietes-a-privilegier\"><\/span>Alternatives paysag\u00e8res et vari\u00e9t\u00e9s \u00e0 privil\u00e9gier<span class=\"ez-toc-section-end\"><\/span><\/h2>\n<p>Si ces contraintes vous font h\u00e9siter, sachez qu&rsquo;il existe des options plus sages pour obtenir un effet similaire sans les tracas.<\/p>\n<h3><span class=\"ez-toc-section\" id=\"Cultivars-moins-vigoureux-pour-petits-espaces\"><\/span>Cultivars moins vigoureux pour petits espaces<span class=\"ez-toc-section-end\"><\/span><\/h3>\n<p>Le choix des vari\u00e9t\u00e9s compactes s&rsquo;impose souvent. Certaines s\u00e9lections modernes poussent beaucoup moins vite que le type. Elles <strong>conviennent mieux aux petits jardins de ville<\/strong> gr\u00e2ce \u00e0 ces cultivars compacts.<\/p>\n<p>Portons notre focus sur le &lsquo;Summer Chocolate&rsquo;. Son feuillage pourpre est magnifique et original. Sa croissance est plus lente, ce qui limite les risques racinaires imm\u00e9diats. C&rsquo;est un <strong>bon compromis esth\u00e9tique<\/strong>.<\/p>\n<div style=\"overflow:auto;max-width:100%\">\n<table>\n<thead>\n<tr>\n<th>Vari\u00e9t\u00e9<\/th>\n<th>Hauteur adulte<\/th>\n<th>Vigueur racinaire<\/th>\n<th>Point fort<\/th>\n<\/tr>\n<\/thead>\n<tbody>\n<tr>\n<td>Albizia classique<\/td>\n<td>6 \u00e0 10 m<\/td>\n<td>\u00c9lev\u00e9e<\/td>\n<td>Ombre g\u00e9n\u00e9reuse<\/td>\n<\/tr>\n<tr>\n<td>Summer Chocolate<\/td>\n<td>5 \u00e0 6 m<\/td>\n<td>Mod\u00e9r\u00e9e<\/td>\n<td>Feuillage pourpre<\/td>\n<\/tr>\n<tr>\n<td>Ombrella<\/td>\n<td>6 \u00e0 8 m<\/td>\n<td>Moyenne<\/td>\n<td>Port parasol<\/td>\n<\/tr>\n<tr>\n<td>Rosea<\/td>\n<td>4 \u00e0 6 m<\/td>\n<td>R\u00e9duite<\/td>\n<td>Fleurs rose vif<\/td>\n<\/tr>\n<\/tbody>\n<\/table>\n<\/div>\n<h3><span class=\"ez-toc-section\" id=\"Arbres-de-Judee-et-Lagerstroemia-comme-solutions\"><\/span>Arbres de Jud\u00e9e et Lagerstroemia comme solutions<span class=\"ez-toc-section-end\"><\/span><\/h3>\n<p><strong>Le Lilas des Indes<\/strong> est une option s\u00e9rieuse. Le Lagerstroemia offre une floraison estivale tout aussi spectaculaire que l&rsquo;albizia. Ses racines sont bien plus sages et inoffensives pour vos sols. Utilisez le Lilas des Indes.<\/p>\n<p>L&rsquo;Arbre de Jud\u00e9e m\u00e9rite aussi votre attention. Il fleurit t\u00f4t au printemps directement sur le bois nu. C&rsquo;est une <strong>alternative robuste qui supporte bien la taille r\u00e9guli\u00e8re<\/strong> pour rester bien structur\u00e9.<\/p>\n<p>Ces essences demandent moins de ramassage de d\u00e9bris au quotidien. Nous observons parfois un <a href=\"https:\/\/lepotagerdeloire.fr\/blog\/inconvenients-du-figuier\">inconv\u00e9nient figuier<\/a> similaire avec des racines tra\u00e7antes, mais <strong>ces arbustes restent globalement plus g\u00e9rables<\/strong> en zone urbaine.<\/p>\n<p>Nous avons vu que l&rsquo;albizia pr\u00e9sente des risques structurels via ses racines tra\u00e7antes, une toxicit\u00e9 r\u00e9elle pour vos proches et une fragilit\u00e9 face aux intemp\u00e9ries. <strong>Anticipez ces d\u00e9g\u00e2ts<\/strong> en installant une barri\u00e8re physique ou privil\u00e9giez le Lilas des Indes. Ma\u00eetrisez chaque albizia inconv\u00e9nient d\u00e8s aujourd&rsquo;hui pour garantir la s\u00e9r\u00e9nit\u00e9 de votre jardin futur.<\/p>\n<h2><span class=\"ez-toc-section\" id=\"FAQ\"><\/span>FAQ<span class=\"ez-toc-section-end\"><\/span><\/h2>\n<h3><span class=\"ez-toc-section\" id=\"Quels-sont-les-risques-reels-des-racines-de-lalbizia-pour-mes-amenagements\"><\/span>Quels sont les risques r\u00e9els des racines de l&rsquo;albizia pour mes am\u00e9nagements ?<span class=\"ez-toc-section-end\"><\/span><\/h3>\n<p>Nous observons que l&rsquo;albizia poss\u00e8de un syst\u00e8me racinaire tra\u00e7ant particuli\u00e8rement vigoureux qui s&rsquo;\u00e9tend horizontalement sur plusieurs m\u00e8tres. Ces racines, en qu\u00eate constante d&rsquo;humidit\u00e9, peuvent exercer une pression importante sous les surfaces ma\u00e7onn\u00e9es, allant jusqu&rsquo;\u00e0 soulever les dalles de terrasse ou fissurer les canalisations souterraines.<\/p>\n<p>Pour prot\u00e9ger vos structures, nous recommandons de respecter des distances de s\u00e9curit\u00e9 d&rsquo;au moins 5 \u00e0 6 m\u00e8tres lors de la plantation. L&rsquo;installation d&rsquo;une barri\u00e8re anti-racines verticale est \u00e9galement une solution efficace pour contenir l&rsquo;expansion souterraine et <strong>\u00e9viter que les pav\u00e9s de votre jardin ne se d\u00e9chaussent<\/strong> avec le temps.<\/p>\n<h3><span class=\"ez-toc-section\" id=\"Les-graines-et-les-gousses-de-larbre-a-soie-presentent-elles-une-toxicite\"><\/span>Les graines et les gousses de l&rsquo;arbre \u00e0 soie pr\u00e9sentent-elles une toxicit\u00e9 ?<span class=\"ez-toc-section-end\"><\/span><\/h3>\n<p>Oui, la vigilance est de mise car les gousses et les graines de l&rsquo;albizia contiennent des <strong>substances toxiques, notamment des alcalo\u00efdes<\/strong> qui agissent sur le syst\u00e8me nerveux. Ces \u00e9l\u00e9ments peuvent \u00eatre confondus avec des haricots plats par les jeunes enfants ou ing\u00e9r\u00e9s par curiosit\u00e9 par vos animaux domestiques.<\/p>\n<p>En cas d&rsquo;ingestion, les chiens et les chats peuvent pr\u00e9senter des sympt\u00f4mes inqui\u00e9tants tels que des tremblements ou des vomissements. Nous consid\u00e9rons cela comme une <strong>urgence v\u00e9t\u00e9rinaire r\u00e9elle<\/strong>. Il est donc primordial de ramasser r\u00e9guli\u00e8rement les gousses tomb\u00e9es au sol pour limiter tout risque d&#8217;empoisonnement accidentel dans votre jardin.<\/p>\n<h3><span class=\"ez-toc-section\" id=\"Le-pollen-de-lalbizia-peut-il-provoquer-des-reactions-allergiques\"><\/span>Le pollen de l&rsquo;albizia peut-il provoquer des r\u00e9actions allergiques ?<span class=\"ez-toc-section-end\"><\/span><\/h3>\n<p>Absolument, le pollen allerg\u00e8ne de cet arbre, bien que plumeux et esth\u00e9tique, voyage tr\u00e8s facilement dans l&rsquo;air ambiant. Chez les personnes sensibles, il <strong>d\u00e9clenche fr\u00e9quemment des r\u00e9actions saisonni\u00e8res classiques<\/strong> telles que des \u00e9ternuements r\u00e9p\u00e9t\u00e9s, des d\u00e9mangeaisons oculaires ou des rhinites inconfortables durant la p\u00e9riode de floraison.<\/p>\n<p>Outre ces d\u00e9sagr\u00e9ments respiratoires, les fleurs produisent des r\u00e9sidus collants qui s&rsquo;accumulent au sol. Ce tapis floral peut devenir glissant avec l&rsquo;humidit\u00e9 et <strong>tacher de mani\u00e8re permanente vos rev\u00eatements de sol clairs ou votre mobilier de jardin<\/strong>, n\u00e9cessitant un entretien et un nettoyage tr\u00e8s r\u00e9guliers durant tout l&rsquo;\u00e9t\u00e9.<\/p>\n<h3><span class=\"ez-toc-section\" id=\"Pourquoi-les-branches-de-mon-albizia-ont-elles-tendance-a-casser\"><\/span>Pourquoi les branches de mon albizia ont-elles tendance \u00e0 casser ?<span class=\"ez-toc-section-end\"><\/span><\/h3>\n<p>Cette probl\u00e9matique est li\u00e9e \u00e0 la fragilit\u00e9 du bois de l&rsquo;albizia, qui est particuli\u00e8rement tendre et cassant. Sa structure en parasol offre une prise au vent importante, ce qui expose les branches charpenti\u00e8res \u00e0 des ruptures brutales lors de temp\u00eates ou d&rsquo;\u00e9pisodes de vents violents.<\/p>\n<p>Nous avons \u00e9galement constat\u00e9 que le poids de la neige lourde ou des gel\u00e9es intenses peuvent fendre l&rsquo;\u00e9corce et briser la ramure. Pour renforcer la structure de l&rsquo;arbre, il est essentiel de <strong>pratiquer une taille de formation<\/strong> d\u00e8s son jeune \u00e2ge afin d&rsquo;\u00e9quilibrer la couronne et de supprimer les fourches trop fragiles.<\/p>\n<h3><span class=\"ez-toc-section\" id=\"Quelles-sont-les-meilleures-alternatives-si-lalbizia-ne-convient-pas-a-mon-jardin\"><\/span>Quelles sont les meilleures alternatives si l&rsquo;albizia ne convient pas \u00e0 mon jardin ?<span class=\"ez-toc-section-end\"><\/span><\/h3>\n<p>Si les contraintes de l&rsquo;albizia vous semblent trop lourdes, nous vous sugg\u00e9rons de vous tourner vers le Lilas des Indes (Lagerstroemia). Cet arbuste offre une floraison tout aussi spectaculaire mais dispose de <strong>racines beaucoup plus sages et inoffensives<\/strong> pour vos terrasses.<\/p>\n<p>L&rsquo;Arbre de Jud\u00e9e constitue une autre excellente alternative robuste, capable de supporter la taille et offrant une floraison printani\u00e8re originale. Pour ceux qui tiennent absolument \u00e0 l&rsquo;esth\u00e9tique de l&rsquo;albizia, <strong>l&rsquo;utilisation de cultivars compacts<\/strong> permet de profiter d&rsquo;un d\u00e9veloppement plus lent et mieux ma\u00eetris\u00e9 en petit espace.<\/p>\n<p><script type=\"application\/ld+json\"><br \/>\n[<br \/>\n  {<br \/>\n    \"@context\": \"https:\/\/schema.org\",<br \/>\n    \"@type\": \"Article\",<br \/>\n    \"headline\": \"Albizia : quels sont les inconv\u00e9nients pour votre jardin ?\",<br \/>\n    \"description\": \"L'albizia impose des contraintes structurelles et sanitaires majeures dues \u00e0 son syst\u00e8me racinaire tra\u00e7ant et \u00e0 la toxicit\u00e9 de ses gousses. D\u00e9couvrez les risques pour les canalisations, la sant\u00e9 et les alternatives paysag\u00e8res.\",<br \/>\n    \"inLanguage\": \"fr\",<br \/>\n    \"abstract\": \"L'essentiel \u00e0 retenir : l'albizia impose des contraintes structurelles et sanitaires majeures dues \u00e0 son syst\u00e8me racinaire tra\u00e7ant et \u00e0 la toxicit\u00e9 de ses gousses. Anticiper ces risques permet d'\u00e9viter la d\u00e9gradation des canalisations et de prot\u00e9ger les jeunes enfants.\",<br \/>\n    \"articleSection\": \"Jardinage\"<br \/>\n  },<br \/>\n  {<br \/>\n    \"@context\": \"https:\/\/schema.org\",<br \/>\n    \"@type\": \"FAQPage\",<br \/>\n    \"mainEntity\": [<br \/>\n      {<br \/>\n        \"@type\": \"Question\",<br \/>\n        \"name\": \"Quels sont les risques r\u00e9els des racines de l'albizia pour mes am\u00e9nagements ?\",<br \/>\n        \"acceptedAnswer\": {<br \/>\n          \"@type\": \"Answer\",<br \/>\n          \"text\": \"L'albizia poss\u00e8de un syst\u00e8me racinaire tra\u00e7ant particuli\u00e8rement vigoureux qui peut soulever les dalles de terrasse ou fissurer les canalisations souterraines. Il est recommand\u00e9 de respecter une distance de s\u00e9curit\u00e9 de 5 \u00e0 6 m\u00e8tres et d'installer une barri\u00e8re anti-racines.\"<br \/>\n        }<br \/>\n      },<br \/>\n      {<br \/>\n        \"@type\": \"Question\",<br \/>\n        \"name\": \"Les graines et les gousses de l'arbre \u00e0 soie pr\u00e9sentent-elles une toxicit\u00e9 ?\",<br \/>\n        \"acceptedAnswer\": {<br \/>\n          \"@type\": \"Answer\",<br \/>\n          \"text\": \"Oui, les gousses et les graines contiennent des alcalo\u00efdes toxiques pour le syst\u00e8me nerveux. Ils repr\u00e9sentent un danger d'empoisonnement pour les enfants et les animaux domestiques (chiens et chats).\"<br \/>\n        }<br \/>\n      },<br \/>\n      {<br \/>\n        \"@type\": \"Question\",<br \/>\n        \"name\": \"Le pollen de l'albizia peut-il provoquer des r\u00e9actions allergiques ?\",<br \/>\n        \"acceptedAnswer\": {<br \/>\n          \"@type\": \"Answer\",<br \/>\n          \"text\": \"Oui, son pollen plumeux circule facilement et d\u00e9clenche des rhinites et \u00e9ternuements chez les sujets sensibles. De plus, les fleurs chutent massivement et tachent les terrasses.\"<br \/>\n        }<br \/>\n      },<br \/>\n      {<br \/>\n        \"@type\": \"Question\",<br \/>\n        \"name\": \"Pourquoi les branches de mon albizia ont-elles tendance \u00e0 casser ?\",<br \/>\n        \"acceptedAnswer\": {<br \/>\n          \"@type\": \"Answer\",<br \/>\n          \"text\": \"Le bois de l'albizia est tendre et cassant, ce qui le rend vuln\u00e9rable aux vents violents, au poids de la neige et au gel intense. Une taille de formation est n\u00e9cessaire pour \u00e9quilibrer la couronne.\"<br \/>\n        }<br \/>\n      },<br \/>\n      {<br \/>\n        \"@type\": \"Question\",<br \/>\n        \"name\": \"Quelles sont les meilleures alternatives si l'albizia ne convient pas \u00e0 mon jardin ?\",<br \/>\n        \"acceptedAnswer\": {<br \/>\n          \"@type\": \"Answer\",<br \/>\n          \"text\": \"Le Lilas des Indes (Lagerstroemia) et l'Arbre de Jud\u00e9e sont d'excellentes alternatives avec des racines moins agressives. Des cultivars compacts comme le 'Summer Chocolate' sont aussi pr\u00e9f\u00e9rables pour les petits espaces.\"<br \/>\n        }<br \/>\n      }<br \/>\n    ]<br \/>\n  }<br \/>\n]<br \/>\n<\/script><\/p>","protected":false},"excerpt":{"rendered":"<p>L&rsquo;essentiel \u00e0 retenir : l&rsquo;albizia impose des contraintes structurelles et sanitaires majeures dues \u00e0 son syst\u00e8me racinaire tra\u00e7ant et \u00e0 [&hellip;]<\/p>\n","protected":false},"author":8,"featured_media":5944,"comment_status":"open","ping_status":"close","sticky":false,"template":"","format":"standard","meta":{"_crdt_document":"","site-sidebar-layout":"default","site-content-layout":"","ast-site-content-layout":"default","site-content-style":"default","site-sidebar-style":"default","ast-global-header-display":"","ast-banner-title-visibility":"","ast-main-header-display":"","ast-hfb-above-header-display":"","ast-hfb-below-header-display":"","ast-hfb-mobile-header-display":"","site-post-title":"","ast-breadcrumbs-content":"","ast-featured-img":"","footer-sml-layout":"","ast-disable-related-posts":"","theme-transparent-header-meta":"","adv-header-id-meta":"","stick-header-meta":"","header-above-stick-meta":"","header-main-stick-meta":"","header-below-stick-meta":"","astra-migrate-meta-layouts":"default","ast-page-background-enabled":"default","ast-page-background-meta":{"desktop":{"background-color":"var(--ast-global-color-4)","background-image":"","background-repeat":"repeat","background-position":"center center","background-size":"auto","background-attachment":"scroll","background-type":"","background-media":"","overlay-type":"","overlay-color":"","overlay-opacity":"","overlay-gradient":""},"tablet":{"background-color":"","background-image":"","background-repeat":"repeat","background-position":"center center","background-size":"auto","background-attachment":"scroll","background-type":"","background-media":"","overlay-type":"","overlay-color":"","overlay-opacity":"","overlay-gradient":""},"mobile":{"background-color":"","background-image":"","background-repeat":"repeat","background-position":"center center","background-size":"auto","background-attachment":"scroll","background-type":"","background-media":"","overlay-type":"","overlay-color":"","overlay-opacity":"","overlay-gradient":""}},"ast-content-background-meta":{"desktop":{"background-color":"var(--ast-global-color-5)","background-image":"","background-repeat":"repeat","background-position":"center center","background-size":"auto","background-attachment":"scroll","background-type":"","background-media":"","overlay-type":"","overlay-color":"","overlay-opacity":"","overlay-gradient":""},"tablet":{"background-color":"var(--ast-global-color-5)","background-image":"","background-repeat":"repeat","background-position":"center center","background-size":"auto","background-attachment":"scroll","background-type":"","background-media":"","overlay-type":"","overlay-color":"","overlay-opacity":"","overlay-gradient":""},"mobile":{"background-color":"var(--ast-global-color-5)","background-image":"","background-repeat":"repeat","background-position":"center center","background-size":"auto","background-attachment":"scroll","background-type":"","background-media":"","overlay-type":"","overlay-color":"","overlay-opacity":"","overlay-gradient":""}},"footnotes":""},"categories":[1551],"tags":[],"class_list":["post-5939","post","type-post","status-publish","format-standard","has-post-thumbnail","hentry","category-jardin"],"_links":{"self":[{"href":"https:\/\/lepotagerdeloire.fr\/blog\/wp-json\/wp\/v2\/posts\/5939","targetHints":{"allow":["GET"]}}],"collection":[{"href":"https:\/\/lepotagerdeloire.fr\/blog\/wp-json\/wp\/v2\/posts"}],"about":[{"href":"https:\/\/lepotagerdeloire.fr\/blog\/wp-json\/wp\/v2\/types\/post"}],"author":[{"embeddable":true,"href":"https:\/\/lepotagerdeloire.fr\/blog\/wp-json\/wp\/v2\/users\/8"}],"replies":[{"embeddable":true,"href":"https:\/\/lepotagerdeloire.fr\/blog\/wp-json\/wp\/v2\/comments?post=5939"}],"version-history":[{"count":2,"href":"https:\/\/lepotagerdeloire.fr\/blog\/wp-json\/wp\/v2\/posts\/5939\/revisions"}],"predecessor-version":[{"id":5945,"href":"https:\/\/lepotagerdeloire.fr\/blog\/wp-json\/wp\/v2\/posts\/5939\/revisions\/5945"}],"wp:featuredmedia":[{"embeddable":true,"href":"https:\/\/lepotagerdeloire.fr\/blog\/wp-json\/wp\/v2\/media\/5944"}],"wp:attachment":[{"href":"https:\/\/lepotagerdeloire.fr\/blog\/wp-json\/wp\/v2\/media?parent=5939"}],"wp:term":[{"taxonomy":"category","embeddable":true,"href":"https:\/\/lepotagerdeloire.fr\/blog\/wp-json\/wp\/v2\/categories?post=5939"},{"taxonomy":"post_tag","embeddable":true,"href":"https:\/\/lepotagerdeloire.fr\/blog\/wp-json\/wp\/v2\/tags?post=5939"}],"curies":[{"name":"wp","href":"https:\/\/api.w.org\/{rel}","templated":true}]}}